{"id":4962,"date":"2025-03-14T13:43:36","date_gmt":"2025-03-14T12:43:36","guid":{"rendered":"https:\/\/www.svenskkniv.se\/?p=4962"},"modified":"2025-03-14T13:57:15","modified_gmt":"2025-03-14T12:57:15","slug":"extra-medlemsmote-och-arsmote-2025","status":"publish","type":"post","link":"https:\/\/www.svenskkniv.se\/?p=4962","title":{"rendered":"Extra medlemsm\u00f6te och \u00e5rsm\u00f6te 2025"},"content":{"rendered":"\n<p>Svensk Knivf\u00f6rening kallar till ett extra medlemsm\u00f6te samt \u00e5rsm\u00f6te i samband med <a href=\"https:\/\/knivexpo.se\/\" target=\"_blank\" rel=\"noreferrer noopener\">Knivexpo<\/a> 2025 p\u00e5 Vadstena slott, den 11:e juli. Medlemsm\u00f6tet inleder kl.17.15 och \u00e5rsm\u00f6tet tar vid kl.17.30. V\u00e4nligen se mer information i nedan kallelser. Varmt v\u00e4lkomna!<\/p>\n\n\n\n<p><\/p>\n\n\n\n<figure class=\"wp-block-image size-large\"><a href=\"https:\/\/www.svenskkniv.se\/wp-content\/uploads\/2025\/03\/Kallelse_SKF_Extr_Medlemsmote_2025-1.jpg\"><img loading=\"lazy\" decoding=\"async\" width=\"720\" height=\"1024\" src=\"https:\/\/www.svenskkniv.se\/wp-content\/uploads\/2025\/03\/Kallelse_SKF_Extr_Medlemsmote_2025-1-720x1024.jpg\" alt=\"\" class=\"wp-image-4966\" srcset=\"https:\/\/www.svenskkniv.se\/wp-content\/uploads\/2025\/03\/Kallelse_SKF_Extr_Medlemsmote_2025-1-720x1024.jpg 720w, https:\/\/www.svenskkniv.se\/wp-content\/uploads\/2025\/03\/Kallelse_SKF_Extr_Medlemsmote_2025-1-211x300.jpg 211w, https:\/\/www.svenskkniv.se\/wp-content\/uploads\/2025\/03\/Kallelse_SKF_Extr_Medlemsmote_2025-1-105x150.jpg 105w, https:\/\/www.svenskkniv.se\/wp-content\/uploads\/2025\/03\/Kallelse_SKF_Extr_Medlemsmote_2025-1.jpg 728w\" sizes=\"auto, (max-width: 720px) 100vw, 720px\" \/><\/a><\/figure>\n\n\n\n<figure class=\"wp-block-image size-large\"><a href=\"https:\/\/www.svenskkniv.se\/wp-content\/uploads\/2025\/03\/Kallelse_SKF_Arsmote_2025.jpg\"><img loading=\"lazy\" decoding=\"async\" width=\"369\" height=\"1024\" src=\"https:\/\/www.svenskkniv.se\/wp-content\/uploads\/2025\/03\/Kallelse_SKF_Arsmote_2025-369x1024.jpg\" alt=\"\" class=\"wp-image-4964\" srcset=\"https:\/\/www.svenskkniv.se\/wp-content\/uploads\/2025\/03\/Kallelse_SKF_Arsmote_2025-369x1024.jpg 369w, https:\/\/www.svenskkniv.se\/wp-content\/uploads\/2025\/03\/Kallelse_SKF_Arsmote_2025-108x300.jpg 108w, https:\/\/www.svenskkniv.se\/wp-content\/uploads\/2025\/03\/Kallelse_SKF_Arsmote_2025-768x2131.jpg 768w, https:\/\/www.svenskkniv.se\/wp-content\/uploads\/2025\/03\/Kallelse_SKF_Arsmote_2025-553x1536.jpg 553w, https:\/\/www.svenskkniv.se\/wp-content\/uploads\/2025\/03\/Kallelse_SKF_Arsmote_2025-738x2048.jpg 738w, https:\/\/www.svenskkniv.se\/wp-content\/uploads\/2025\/03\/Kallelse_SKF_Arsmote_2025-54x150.jpg 54w, https:\/\/www.svenskkniv.se\/wp-content\/uploads\/2025\/03\/Kallelse_SKF_Arsmote_2025.jpg 828w\" sizes=\"auto, (max-width: 369px) 100vw, 369px\" \/><\/a><\/figure>\n","protected":false},"excerpt":{"rendered":"<p>Svensk Knivf\u00f6rening kallar till ett extra medlemsm\u00f6te samt \u00e5rsm\u00f6te i samband med Knivexpo 2025 p\u00e5 Vadstena slott, den 11:e juli. Medlemsm\u00f6tet inleder kl.17.15 och \u00e5rsm\u00f6tet tar vid kl.17.30. V\u00e4nligen se mer information i nedan kallelser. Varmt v\u00e4lkomna!<\/p>\n","protected":false},"author":1,"featured_media":0,"comment_status":"closed","ping_status":"closed","sticky":false,"template":"","format":"standard","meta":{"footnotes":""},"categories":[1],"tags":[],"class_list":["post-4962","post","type-post","status-publish","format-standard","hentry","category-okategoriserade"],"_links":{"self":[{"href":"https:\/\/www.svenskkniv.se\/index.php?rest_route=\/wp\/v2\/posts\/4962","targetHints":{"allow":["GET"]}}],"collection":[{"href":"https:\/\/www.svenskkniv.se\/index.php?rest_route=\/wp\/v2\/posts"}],"about":[{"href":"https:\/\/www.svenskkniv.se\/index.php?rest_route=\/wp\/v2\/types\/post"}],"author":[{"embeddable":true,"href":"https:\/\/www.svenskkniv.se\/index.php?rest_route=\/wp\/v2\/users\/1"}],"replies":[{"embeddable":true,"href":"https:\/\/www.svenskkniv.se\/index.php?rest_route=%2Fwp%2Fv2%2Fcomments&post=4962"}],"version-history":[{"count":6,"href":"https:\/\/www.svenskkniv.se\/index.php?rest_route=\/wp\/v2\/posts\/4962\/revisions"}],"predecessor-version":[{"id":4974,"href":"https:\/\/www.svenskkniv.se\/index.php?rest_route=\/wp\/v2\/posts\/4962\/revisions\/4974"}],"wp:attachment":[{"href":"https:\/\/www.svenskkniv.se\/index.php?rest_route=%2Fwp%2Fv2%2Fmedia&parent=4962"}],"wp:term":[{"taxonomy":"category","embeddable":true,"href":"https:\/\/www.svenskkniv.se\/index.php?rest_route=%2Fwp%2Fv2%2Fcategories&post=4962"},{"taxonomy":"post_tag","embeddable":true,"href":"https:\/\/www.svenskkniv.se\/index.php?rest_route=%2Fwp%2Fv2%2Ftags&post=4962"}],"curies":[{"name":"wp","href":"https:\/\/api.w.org\/{rel}","templated":true}]}}