{"id":4978,"date":"2025-03-31T18:29:16","date_gmt":"2025-03-31T16:29:16","guid":{"rendered":"https:\/\/www.svenskkniv.se\/?p=4978"},"modified":"2025-03-31T19:45:07","modified_gmt":"2025-03-31T17:45:07","slug":"dags-att-borja-planera-infor-kniv-sm-2025","status":"publish","type":"post","link":"https:\/\/www.svenskkniv.se\/?p=4978","title":{"rendered":"Dags att b\u00f6rja planera inf\u00f6r Kniv-SM 2025"},"content":{"rendered":"\n<p><a href=\"https:\/\/www.facebook.com\/knivforening\" target=\"_blank\" rel=\"noreferrer noopener\">Svensk Knivf\u00f6rening<\/a> bjuder in till digitalt SM 2025, med sista inl\u00e4mningsdatum den <strong>5:e september<\/strong>. \u00c5rets SM kommer att rymma f\u00f6ljande sju t\u00e4vlingskasser: Brukskniv, Hormkniv, Konstkniv, K\u00f6kskniv, Rookieklass, Knivblad och Temakniv &#8211; <em>Svart<\/em>. Se nedan bild, samt Knivmakaren, f\u00f6r vidare detaljer. Klicka g\u00e4rna p\u00e5 nedan bild och zooma in f\u00f6r att f\u00f6rstora texten. Hoppas vi f\u00e5r se just ditt alster p\u00e5 \u00e5rets Kniv-SM!<\/p>\n\n\n\n<p><a href=\"https:\/\/www.svenskkniv.se\/wp-content\/uploads\/2025\/03\/Anmalan-KNIVSM2025.pdf\">Klicka h\u00e4r f\u00f6r blankett till t\u00e4vlingsanm\u00e4lan<\/a><\/p>\n\n\n\n<figure class=\"wp-block-image size-large\"><a href=\"https:\/\/www.svenskkniv.se\/wp-content\/uploads\/2025\/03\/KnivSM-2025.jpg\"><img loading=\"lazy\" decoding=\"async\" width=\"1024\" height=\"725\" src=\"https:\/\/www.svenskkniv.se\/wp-content\/uploads\/2025\/03\/KnivSM-2025-1024x725.jpg\" alt=\"\" class=\"wp-image-4979\" srcset=\"https:\/\/www.svenskkniv.se\/wp-content\/uploads\/2025\/03\/KnivSM-2025-1024x725.jpg 1024w, https:\/\/www.svenskkniv.se\/wp-content\/uploads\/2025\/03\/KnivSM-2025-300x212.jpg 300w, https:\/\/www.svenskkniv.se\/wp-content\/uploads\/2025\/03\/KnivSM-2025-768x544.jpg 768w, https:\/\/www.svenskkniv.se\/wp-content\/uploads\/2025\/03\/KnivSM-2025-1536x1088.jpg 1536w, https:\/\/www.svenskkniv.se\/wp-content\/uploads\/2025\/03\/KnivSM-2025-150x106.jpg 150w, https:\/\/www.svenskkniv.se\/wp-content\/uploads\/2025\/03\/KnivSM-2025-212x150.jpg 212w, https:\/\/www.svenskkniv.se\/wp-content\/uploads\/2025\/03\/KnivSM-2025.jpg 2048w\" sizes=\"auto, (max-width: 1024px) 100vw, 1024px\" \/><\/a><\/figure>\n","protected":false},"excerpt":{"rendered":"<p>Svensk Knivf\u00f6rening bjuder in till digitalt SM 2025, med sista inl\u00e4mningsdatum den 5:e september. \u00c5rets SM kommer att rymma f\u00f6ljande sju t\u00e4vlingskasser: Brukskniv, Hormkniv, Konstkniv, K\u00f6kskniv, Rookieklass, Knivblad och Temakniv &#8211; Svart. Se nedan bild, samt Knivmakaren, f\u00f6r vidare detaljer. Klicka g\u00e4rna p\u00e5 nedan bild och zooma in f\u00f6r att \u2026 <a class=\"continue-reading-link\" href=\"https:\/\/www.svenskkniv.se\/?p=4978\"> Continue reading <span class=\"meta-nav\">&rarr; <\/span><\/a><\/p>\n","protected":false},"author":1,"featured_media":4979,"comment_status":"closed","ping_status":"closed","sticky":false,"template":"","format":"standard","meta":{"footnotes":""},"categories":[1],"tags":[],"class_list":["post-4978","post","type-post","status-publish","format-standard","has-post-thumbnail","hentry","category-okategoriserade"],"_links":{"self":[{"href":"https:\/\/www.svenskkniv.se\/index.php?rest_route=\/wp\/v2\/posts\/4978","targetHints":{"allow":["GET"]}}],"collection":[{"href":"https:\/\/www.svenskkniv.se\/index.php?rest_route=\/wp\/v2\/posts"}],"about":[{"href":"https:\/\/www.svenskkniv.se\/index.php?rest_route=\/wp\/v2\/types\/post"}],"author":[{"embeddable":true,"href":"https:\/\/www.svenskkniv.se\/index.php?rest_route=\/wp\/v2\/users\/1"}],"replies":[{"embeddable":true,"href":"https:\/\/www.svenskkniv.se\/index.php?rest_route=%2Fwp%2Fv2%2Fcomments&post=4978"}],"version-history":[{"count":5,"href":"https:\/\/www.svenskkniv.se\/index.php?rest_route=\/wp\/v2\/posts\/4978\/revisions"}],"predecessor-version":[{"id":4992,"href":"https:\/\/www.svenskkniv.se\/index.php?rest_route=\/wp\/v2\/posts\/4978\/revisions\/4992"}],"wp:featuredmedia":[{"embeddable":true,"href":"https:\/\/www.svenskkniv.se\/index.php?rest_route=\/wp\/v2\/media\/4979"}],"wp:attachment":[{"href":"https:\/\/www.svenskkniv.se\/index.php?rest_route=%2Fwp%2Fv2%2Fmedia&parent=4978"}],"wp:term":[{"taxonomy":"category","embeddable":true,"href":"https:\/\/www.svenskkniv.se\/index.php?rest_route=%2Fwp%2Fv2%2Fcategories&post=4978"},{"taxonomy":"post_tag","embeddable":true,"href":"https:\/\/www.svenskkniv.se\/index.php?rest_route=%2Fwp%2Fv2%2Ftags&post=4978"}],"curies":[{"name":"wp","href":"https:\/\/api.w.org\/{rel}","templated":true}]}}