{"id":5086,"date":"2026-03-15T13:28:30","date_gmt":"2026-03-15T12:28:30","guid":{"rendered":"https:\/\/www.svenskkniv.se\/?p=5086"},"modified":"2026-03-15T13:28:30","modified_gmt":"2026-03-15T12:28:30","slug":"dags-att-planera-infor-kniv-sm-2026","status":"publish","type":"post","link":"https:\/\/www.svenskkniv.se\/?p=5086","title":{"rendered":"Dags att planera inf\u00f6r Kniv-SM 2026"},"content":{"rendered":"\n<p><a href=\"https:\/\/www.facebook.com\/knivforening\" target=\"_blank\" rel=\"noreferrer noopener\">Svensk Knivf\u00f6rening<\/a> arrangerar Kniv-SM 2026 tillsammans med <a href=\"https:\/\/knivexpo.se\/\">KnivExpo<\/a> i Vadstena, 9-11 juli 2026.  <\/p>\n\n\n\n<p>I \u00e5r rymmer t\u00e4vlingen t\u00e4vlingskategorierna Brukskniv, Utvecklad Brukskniv, Halvhornskniv, Helhornskniv, Konstkniv, Miniatyr\/smyckekniv, K\u00f6kskniv, Knivblad, Temakniv (i \u00e5r Damasteel) och Rookieklass. <\/p>\n\n\n\n<p>Senast den 10:e juni skall ditt alster vara inskickat.<\/p>\n\n\n\n<p>Se nedan bild, samt i Knivmakaren, f\u00f6r vidare detaljer. Klicka g\u00e4rna p\u00e5 nedan bild och zooma in f\u00f6r att f\u00f6rstora texten. Hoppas vi f\u00e5r se just ditt alster p\u00e5 \u00e5rets Kniv-SM!<\/p>\n\n\n\n<p><a href=\"https:\/\/www.svenskkniv.se\/wp-content\/uploads\/2026\/03\/Anmalan_SM_2026.pdf\" target=\"_blank\" rel=\"noreferrer noopener\">Klicka h\u00e4r f\u00f6r blankett till t\u00e4vlingsanm\u00e4lan<\/a><\/p>\n\n\n\n<p><\/p>\n\n\n\n<figure class=\"wp-block-image size-large\"><a href=\"https:\/\/www.svenskkniv.se\/wp-content\/uploads\/2026\/03\/Infor_KnivSM_2026.jpg\"><img loading=\"lazy\" decoding=\"async\" width=\"1024\" height=\"724\" src=\"https:\/\/www.svenskkniv.se\/wp-content\/uploads\/2026\/03\/Infor_KnivSM_2026-1024x724.jpg\" alt=\"\" class=\"wp-image-5087\" srcset=\"https:\/\/www.svenskkniv.se\/wp-content\/uploads\/2026\/03\/Infor_KnivSM_2026-1024x724.jpg 1024w, https:\/\/www.svenskkniv.se\/wp-content\/uploads\/2026\/03\/Infor_KnivSM_2026-300x212.jpg 300w, https:\/\/www.svenskkniv.se\/wp-content\/uploads\/2026\/03\/Infor_KnivSM_2026-768x543.jpg 768w, https:\/\/www.svenskkniv.se\/wp-content\/uploads\/2026\/03\/Infor_KnivSM_2026-100x71.jpg 100w, https:\/\/www.svenskkniv.se\/wp-content\/uploads\/2026\/03\/Infor_KnivSM_2026-1536x1086.jpg 1536w, https:\/\/www.svenskkniv.se\/wp-content\/uploads\/2026\/03\/Infor_KnivSM_2026-150x106.jpg 150w, https:\/\/www.svenskkniv.se\/wp-content\/uploads\/2026\/03\/Infor_KnivSM_2026-212x150.jpg 212w, https:\/\/www.svenskkniv.se\/wp-content\/uploads\/2026\/03\/Infor_KnivSM_2026.jpg 2048w\" sizes=\"auto, (max-width: 1024px) 100vw, 1024px\" \/><\/a><\/figure>\n","protected":false},"excerpt":{"rendered":"<p>Svensk Knivf\u00f6rening arrangerar Kniv-SM 2026 tillsammans med KnivExpo i Vadstena, 9-11 juli 2026. I \u00e5r rymmer t\u00e4vlingen t\u00e4vlingskategorierna Brukskniv, Utvecklad Brukskniv, Halvhornskniv, Helhornskniv, Konstkniv, Miniatyr\/smyckekniv, K\u00f6kskniv, Knivblad, Temakniv (i \u00e5r Damasteel) och Rookieklass. Senast den 10:e juni skall ditt alster vara inskickat. Se nedan bild, samt i Knivmakaren, f\u00f6r vidare \u2026 <a class=\"continue-reading-link\" href=\"https:\/\/www.svenskkniv.se\/?p=5086\"> Continue reading <span class=\"meta-nav\">&rarr; <\/span><\/a><\/p>\n","protected":false},"author":1,"featured_media":0,"comment_status":"closed","ping_status":"closed","sticky":false,"template":"","format":"standard","meta":{"footnotes":""},"categories":[1],"tags":[26,22],"class_list":["post-5086","post","type-post","status-publish","format-standard","hentry","category-okategoriserade","tag-knivexpo","tag-knivsm"],"_links":{"self":[{"href":"https:\/\/www.svenskkniv.se\/index.php?rest_route=\/wp\/v2\/posts\/5086","targetHints":{"allow":["GET"]}}],"collection":[{"href":"https:\/\/www.svenskkniv.se\/index.php?rest_route=\/wp\/v2\/posts"}],"about":[{"href":"https:\/\/www.svenskkniv.se\/index.php?rest_route=\/wp\/v2\/types\/post"}],"author":[{"embeddable":true,"href":"https:\/\/www.svenskkniv.se\/index.php?rest_route=\/wp\/v2\/users\/1"}],"replies":[{"embeddable":true,"href":"https:\/\/www.svenskkniv.se\/index.php?rest_route=%2Fwp%2Fv2%2Fcomments&post=5086"}],"version-history":[{"count":1,"href":"https:\/\/www.svenskkniv.se\/index.php?rest_route=\/wp\/v2\/posts\/5086\/revisions"}],"predecessor-version":[{"id":5088,"href":"https:\/\/www.svenskkniv.se\/index.php?rest_route=\/wp\/v2\/posts\/5086\/revisions\/5088"}],"wp:attachment":[{"href":"https:\/\/www.svenskkniv.se\/index.php?rest_route=%2Fwp%2Fv2%2Fmedia&parent=5086"}],"wp:term":[{"taxonomy":"category","embeddable":true,"href":"https:\/\/www.svenskkniv.se\/index.php?rest_route=%2Fwp%2Fv2%2Fcategories&post=5086"},{"taxonomy":"post_tag","embeddable":true,"href":"https:\/\/www.svenskkniv.se\/index.php?rest_route=%2Fwp%2Fv2%2Ftags&post=5086"}],"curies":[{"name":"wp","href":"https:\/\/api.w.org\/{rel}","templated":true}]}}